{"id":17794,"date":"2023-10-25T21:58:17","date_gmt":"2023-10-25T21:58:17","guid":{"rendered":"https:\/\/tastecanada.org\/?p=17794"},"modified":"2023-10-25T22:02:46","modified_gmt":"2023-10-25T22:02:46","slug":"2023-taste-canada-awards-soiree-host-ali-hassan","status":"publish","type":"post","link":"https:\/\/tastecanada.org\/fr\/2023-taste-canada-awards-soiree-host-ali-hassan\/","title":{"rendered":"Ali Hassan, h\u00f4te de la soir\u00e9e les Laur\u00e9ats Saveurs du Canada 2023 !"},"content":{"rendered":"<p>[vc_row][vc_column width=&#8221;1\/2&#8243;][vc_single_image image=&#8221;17797&#8243; img_size=&#8221;large&#8221;][\/vc_column][vc_column width=&#8221;1\/2&#8243;][vc_column_text]<\/p>\r\n<p>Stand-up comic Ali Hassan will have the honour of announcing all the winners in each category at the Taste Canada Awards Soir\u00e9e on Monday, October 30th, 2023. \u2060<\/p>\r\n\r\n<p>Ali is best known for hosting &#8216;Laugh Out Loud&#8217; on CBC Radio and for his roles on<em> My Spy<\/em>, <em>Working Moms <\/em>and <em>Hudson &amp; Rex<\/em>. He&#8217;s also a stand-up comedian (touring Canada this year with his show entitled \u2018Does This Taste Funny?\u2019) and has released a comedic memoir titled &#8216;Is There Bacon in Heaven?&#8217;. Ali is also no stranger to the food world: he has worked as a chef, restaurant manager, caterer and a cooking instructor.\u2060<\/p>\r\n<p class=\"has-text-align-center\"><\/p>\r\n<p>&nbsp;<\/p>\r\n<p>[\/vc_column_text][\/vc_column][\/vc_row][vc_row][vc_column][vc_column_text]<\/p>\r\n<p>&nbsp;<\/p>\r\n<p class=\"has-text-align-center\"><!-- \/wp:post-content --><\/p>\r\n<p><!-- wp:paragraph --><strong>Taste Canada: What was your inspiration to start your career in the food industry?\u00a0<\/strong><\/p>\r\n<p class=\"has-text-align-center\"><!-- \/wp:paragraph --><\/p>\r\n<p><!-- wp:paragraph --><em>Ali Hassan:<\/em> I loved making food, I loved eating food, I loved the kitchen\u2026and I had no other marketable skills!<\/p>\r\n<p class=\"has-text-align-center\"><!-- \/wp:paragraph --><\/p>\r\n<p><!-- wp:paragraph --><strong>Taste Canada: Do you use cookbooks? If so, what do you love about them and why do you think they&#8217;re important to Canadian culture?\u00a0<\/strong><\/p>\r\n<p class=\"has-text-align-center\"><!-- \/wp:paragraph --><\/p>\r\n<p><!-- wp:paragraph --><em>Ali Hassan:<\/em> My favourite thing about a cookbook is the story it tells. Where a dish came from, what memories and experiences it harkens back to, who you first ate it with, why you try to re-create it. Cookbooks can highlight fantastic Canadian stories!<\/p>\r\n<p class=\"has-text-align-center\"><!-- \/wp:paragraph --><\/p>\r\n<p><!-- wp:paragraph --><strong>Taste Canada: How do you combine your love of food and comedy?\u00a0<\/strong><\/p>\r\n<p class=\"has-text-align-center\"><!-- \/wp:paragraph --><\/p>\r\n<p><!-- wp:paragraph --><em>Ali Hassan:<\/em> There was a time when I thought I was going to be a chef on television, combining food and comedy. But every production company wanted to know: are you a comedian who is a chef, or a chef who is funny? This was, for some reason, the most important question on earth, and I didn&#8217;t really know how to answer it. Now, I just bring my personality to the kitchen \u2013 which organically showcases food and comedy!<\/p>\r\n<p class=\"has-text-align-center\"><!-- \/wp:paragraph --><\/p>\r\n<p><!-- wp:paragraph --><strong>Taste Canada: As a former chef, what role do cookbooks play in preserving and sharing culinary\/cultural traditions and heritage?\u00a0\u00a0<\/strong><\/p>\r\n<p class=\"has-text-align-center\"><!-- \/wp:paragraph --><\/p>\r\n<p><!-- wp:paragraph --><em>Ali Hassan: <\/em>I love reading about what inspires people to cook, whether it&#8217;s their heritage, their community, their friends or their dining experiences. Any time I\u2019ve read a great cookbook, it has helped remind me about all the people in my life who have helped either form my culinary foundation or grow my palate, and it&#8217;s a reminder about how fortunate I am to be able to eat the way I do.<\/p>\r\n<p class=\"has-text-align-center\"><!-- \/wp:paragraph --><\/p>\r\n<p><!-- wp:paragraph --><strong>Taste Canada: Tell us about your most memorable moment in the kitchen, either professionally or personally.<\/strong><\/p>\r\n<p class=\"has-text-align-center\"><!-- \/wp:paragraph --><\/p>\r\n<p><!-- wp:paragraph --><em>Ali Hassan:<\/em> I remember catering a wedding and one of my staff spilled 100 kebabs on the floor as he was taking them out of the oven. I had to think fast: we washed each kebab, sliced them, and added them to a hot pot of tomato sauce. A new dish &#8211; Kebabs \u00e0 la Sauce &#8211; was born, but my blood pressure was through the roof!<\/p>\r\n<p><!-- \/wp:paragraph -->\u00a0<\/p>\r\n<p class=\"has-text-align-center\"><!-- wp:heading {\"textAlign\":\"center\",\"level\":3} --><\/p>\r\n<h3 class=\"wp-block-heading has-text-align-center\">Join us for the biggest night in Canadian cookbooks on October 30th, 2023 at the Fairmont Royal York!<\/h3>\r\n<p><!-- \/wp:heading -->\u00a0<\/p>\r\n<p class=\"has-text-align-center\"><!-- wp:paragraph {\"align\":\"center\"} --><\/p>\r\n<p class=\"has-text-align-center\"><a href=\"https:\/\/www.eventbrite.ca\/e\/2023-taste-canada-awards-soiree-tickets-695570117947?aff=ebdssbdestsearch\" target=\"_blank\" rel=\"noreferrer noopener\">Get your tickets today! <\/a><\/p>\r\n<p class=\"has-text-align-center\"><!-- \/wp:paragraph --><\/p>\r\n<p>&nbsp;<\/p>\r\n<p>[\/vc_column_text][\/vc_column][\/vc_row]<\/p>","protected":false},"excerpt":{"rendered":"<p>[vc_row][vc_column width=&#8221;1\/2&#8243;][vc_single_image image=&#8221;17797&#8243; img_size=&#8221;large&#8221;][\/vc_column][vc_column width=&#8221;1\/2&#8243;][vc_column_text] Stand-up comic Ali Hassan will have the honour of announcing all the winners in each category at the Taste Canada Awards Soir\u00e9e on Monday, October 30th, 2023. \u2060 Ali is best known for hosting &#8216;Laugh Out Loud&#8217; on CBC Radio and for his roles on My Spy, Working Moms and&hellip;<\/p>\n","protected":false},"author":2,"featured_media":17795,"comment_status":"open","ping_status":"open","sticky":false,"template":"","format":"standard","meta":{"wprm-recipe-roundup-name":"","wprm-recipe-roundup-description":"","ngg_post_thumbnail":0,"footnotes":""},"categories":[120],"tags":[4053,44],"class_list":["post-17794","post","type-post","status-publish","format-standard","has-post-thumbnail","hentry","category-taste-canada-events","tag-soiree","tag-taste-canada-awards"],"yoast_head":"<!-- This site is optimized with the Yoast SEO plugin v27.4 - https:\/\/yoast.com\/product\/yoast-seo-wordpress\/ -->\n<title>2023 Taste Canada Awards Soir\u00e9e Host Ali Hassan! - Taste Canada<\/title>\n<meta name=\"description\" content=\"Stand-up comic Ali Hassan will have the honour of announcing all the winners in each category at the Taste Canada Awards Soir\u00e9e on Monday, October 30th, 2023. \u2060\" \/>\n<meta name=\"robots\" content=\"index, follow, max-snippet:-1, max-image-preview:large, max-video-preview:-1\" \/>\n<link rel=\"canonical\" href=\"https:\/\/tastecanada.org\/fr\/2023-taste-canada-awards-soiree-host-ali-hassan\/\" \/>\n<meta property=\"og:locale\" content=\"fr_CA\" \/>\n<meta property=\"og:type\" content=\"article\" \/>\n<meta property=\"og:title\" content=\"2023 Taste Canada Awards Soir\u00e9e Host Ali Hassan! - Taste Canada\" \/>\n<meta property=\"og:description\" content=\"Stand-up comic Ali Hassan will have the honour of announcing all the winners in each category at the Taste Canada Awards Soir\u00e9e on Monday, October 30th, 2023. \u2060\" \/>\n<meta property=\"og:url\" content=\"https:\/\/tastecanada.org\/fr\/2023-taste-canada-awards-soiree-host-ali-hassan\/\" \/>\n<meta property=\"og:site_name\" content=\"Taste Canada\" \/>\n<meta property=\"article:publisher\" content=\"https:\/\/www.facebook.com\/Taste.Canada\" \/>\n<meta property=\"article:published_time\" content=\"2023-10-25T21:58:17+00:00\" \/>\n<meta property=\"article:modified_time\" content=\"2023-10-25T22:02:46+00:00\" \/>\n<meta property=\"og:image\" content=\"https:\/\/tastecanada.org\/wp-content\/uploads\/2023\/10\/ALI-HASSAN-Headshot-2-Photo-Pierre-Gautreau.jpg\" \/>\n\t<meta property=\"og:image:width\" content=\"1748\" \/>\n\t<meta property=\"og:image:height\" content=\"1400\" \/>\n\t<meta property=\"og:image:type\" content=\"image\/jpeg\" \/>\n<meta name=\"author\" content=\"Taste Canada\" \/>\n<meta name=\"twitter:card\" content=\"summary_large_image\" \/>\n<meta name=\"twitter:creator\" content=\"@TasteCanada\" \/>\n<meta name=\"twitter:site\" content=\"@TasteCanada\" \/>\n<meta name=\"twitter:label1\" content=\"\u00c9crit par\" \/>\n\t<meta name=\"twitter:data1\" content=\"Taste Canada\" \/>\n\t<meta name=\"twitter:label2\" content=\"Estimation du temps de lecture\" \/>\n\t<meta name=\"twitter:data2\" content=\"3 minutes\" \/>\n<script type=\"application\/ld+json\" class=\"yoast-schema-graph\">{\"@context\":\"https:\\\/\\\/schema.org\",\"@graph\":[{\"@type\":\"Article\",\"@id\":\"https:\\\/\\\/tastecanada.org\\\/2023-taste-canada-awards-soiree-host-ali-hassan\\\/#article\",\"isPartOf\":{\"@id\":\"https:\\\/\\\/tastecanada.org\\\/2023-taste-canada-awards-soiree-host-ali-hassan\\\/\"},\"author\":{\"name\":\"Taste Canada\",\"@id\":\"https:\\\/\\\/tastecanada.org\\\/#\\\/schema\\\/person\\\/6562938c8347c45d89a8b723a69662d4\"},\"headline\":\"2023 Taste Canada Awards Soir\u00e9e Host Ali Hassan!\",\"datePublished\":\"2023-10-25T21:58:17+00:00\",\"dateModified\":\"2023-10-25T22:02:46+00:00\",\"mainEntityOfPage\":{\"@id\":\"https:\\\/\\\/tastecanada.org\\\/2023-taste-canada-awards-soiree-host-ali-hassan\\\/\"},\"wordCount\":548,\"commentCount\":0,\"publisher\":{\"@id\":\"https:\\\/\\\/tastecanada.org\\\/#organization\"},\"image\":{\"@id\":\"https:\\\/\\\/tastecanada.org\\\/2023-taste-canada-awards-soiree-host-ali-hassan\\\/#primaryimage\"},\"thumbnailUrl\":\"https:\\\/\\\/tastecanada.org\\\/wp-content\\\/uploads\\\/2023\\\/10\\\/ALI-HASSAN-Headshot-2-Photo-Pierre-Gautreau.jpg\",\"keywords\":[\"soiree\",\"Taste Canada Awards\"],\"articleSection\":[\"Taste Canada Events\"],\"inLanguage\":\"fr-CA\",\"potentialAction\":[{\"@type\":\"CommentAction\",\"name\":\"Comment\",\"target\":[\"https:\\\/\\\/tastecanada.org\\\/2023-taste-canada-awards-soiree-host-ali-hassan\\\/#respond\"]}]},{\"@type\":\"WebPage\",\"@id\":\"https:\\\/\\\/tastecanada.org\\\/2023-taste-canada-awards-soiree-host-ali-hassan\\\/\",\"url\":\"https:\\\/\\\/tastecanada.org\\\/2023-taste-canada-awards-soiree-host-ali-hassan\\\/\",\"name\":\"2023 Taste Canada Awards Soir\u00e9e Host Ali Hassan! - Taste Canada\",\"isPartOf\":{\"@id\":\"https:\\\/\\\/tastecanada.org\\\/#website\"},\"primaryImageOfPage\":{\"@id\":\"https:\\\/\\\/tastecanada.org\\\/2023-taste-canada-awards-soiree-host-ali-hassan\\\/#primaryimage\"},\"image\":{\"@id\":\"https:\\\/\\\/tastecanada.org\\\/2023-taste-canada-awards-soiree-host-ali-hassan\\\/#primaryimage\"},\"thumbnailUrl\":\"https:\\\/\\\/tastecanada.org\\\/wp-content\\\/uploads\\\/2023\\\/10\\\/ALI-HASSAN-Headshot-2-Photo-Pierre-Gautreau.jpg\",\"datePublished\":\"2023-10-25T21:58:17+00:00\",\"dateModified\":\"2023-10-25T22:02:46+00:00\",\"description\":\"Stand-up comic Ali Hassan will have the honour of announcing all the winners in each category at the Taste Canada Awards Soir\u00e9e on Monday, October 30th, 2023. \u2060\",\"breadcrumb\":{\"@id\":\"https:\\\/\\\/tastecanada.org\\\/2023-taste-canada-awards-soiree-host-ali-hassan\\\/#breadcrumb\"},\"inLanguage\":\"fr-CA\",\"potentialAction\":[{\"@type\":\"ReadAction\",\"target\":[\"https:\\\/\\\/tastecanada.org\\\/2023-taste-canada-awards-soiree-host-ali-hassan\\\/\"]}]},{\"@type\":\"ImageObject\",\"inLanguage\":\"fr-CA\",\"@id\":\"https:\\\/\\\/tastecanada.org\\\/2023-taste-canada-awards-soiree-host-ali-hassan\\\/#primaryimage\",\"url\":\"https:\\\/\\\/tastecanada.org\\\/wp-content\\\/uploads\\\/2023\\\/10\\\/ALI-HASSAN-Headshot-2-Photo-Pierre-Gautreau.jpg\",\"contentUrl\":\"https:\\\/\\\/tastecanada.org\\\/wp-content\\\/uploads\\\/2023\\\/10\\\/ALI-HASSAN-Headshot-2-Photo-Pierre-Gautreau.jpg\",\"width\":1748,\"height\":1400,\"caption\":\"Ali Hassan\"},{\"@type\":\"BreadcrumbList\",\"@id\":\"https:\\\/\\\/tastecanada.org\\\/2023-taste-canada-awards-soiree-host-ali-hassan\\\/#breadcrumb\",\"itemListElement\":[{\"@type\":\"ListItem\",\"position\":1,\"name\":\"Home\",\"item\":\"https:\\\/\\\/tastecanada.org\\\/\"},{\"@type\":\"ListItem\",\"position\":2,\"name\":\"2023 Taste Canada Awards Soir\u00e9e Host Ali Hassan!\"}]},{\"@type\":\"WebSite\",\"@id\":\"https:\\\/\\\/tastecanada.org\\\/#website\",\"url\":\"https:\\\/\\\/tastecanada.org\\\/\",\"name\":\"Taste Canada\",\"description\":\"Canada&#039;s Cookbooks Awards\",\"publisher\":{\"@id\":\"https:\\\/\\\/tastecanada.org\\\/#organization\"},\"potentialAction\":[{\"@type\":\"SearchAction\",\"target\":{\"@type\":\"EntryPoint\",\"urlTemplate\":\"https:\\\/\\\/tastecanada.org\\\/?s={search_term_string}\"},\"query-input\":{\"@type\":\"PropertyValueSpecification\",\"valueRequired\":true,\"valueName\":\"search_term_string\"}}],\"inLanguage\":\"fr-CA\"},{\"@type\":\"Organization\",\"@id\":\"https:\\\/\\\/tastecanada.org\\\/#organization\",\"name\":\"Taste Canada\",\"url\":\"https:\\\/\\\/tastecanada.org\\\/\",\"logo\":{\"@type\":\"ImageObject\",\"inLanguage\":\"fr-CA\",\"@id\":\"https:\\\/\\\/tastecanada.org\\\/#\\\/schema\\\/logo\\\/image\\\/\",\"url\":\"https:\\\/\\\/tastecanada.org\\\/wp-content\\\/uploads\\\/2018\\\/04\\\/TC-Logo-Header@2x.jpg\",\"contentUrl\":\"https:\\\/\\\/tastecanada.org\\\/wp-content\\\/uploads\\\/2018\\\/04\\\/TC-Logo-Header@2x.jpg\",\"width\":500,\"height\":500,\"caption\":\"Taste Canada\"},\"image\":{\"@id\":\"https:\\\/\\\/tastecanada.org\\\/#\\\/schema\\\/logo\\\/image\\\/\"},\"sameAs\":[\"https:\\\/\\\/www.facebook.com\\\/Taste.Canada\",\"https:\\\/\\\/x.com\\\/TasteCanada\",\"https:\\\/\\\/www.instagram.com\\\/tastecanadaawards\\\/\",\"https:\\\/\\\/www.youtube.com\\\/channel\\\/UCGOvW9bjvd9WN1QhGmZ74dw\"]},{\"@type\":\"Person\",\"@id\":\"https:\\\/\\\/tastecanada.org\\\/#\\\/schema\\\/person\\\/6562938c8347c45d89a8b723a69662d4\",\"name\":\"Taste Canada\",\"url\":\"https:\\\/\\\/tastecanada.org\\\/fr\\\/author\\\/admin\\\/\"}]}<\/script>\n<!-- \/ Yoast SEO plugin. -->","yoast_head_json":{"title":"2023 Taste Canada Awards Soir\u00e9e Host Ali Hassan! - Taste Canada","description":"L'humoriste Ali Hassan aura l'honneur d'annoncer tous les gagnants de chaque cat\u00e9gorie lors de la soir\u00e9e les Laur\u00e9ats Saveurs du Canada le lundi 30 octobre 2023. \u2060","robots":{"index":"index","follow":"follow","max-snippet":"max-snippet:-1","max-image-preview":"max-image-preview:large","max-video-preview":"max-video-preview:-1"},"canonical":"https:\/\/tastecanada.org\/fr\/2023-taste-canada-awards-soiree-host-ali-hassan\/","og_locale":"fr_CA","og_type":"article","og_title":"2023 Taste Canada Awards Soir\u00e9e Host Ali Hassan! - Taste Canada","og_description":"Stand-up comic Ali Hassan will have the honour of announcing all the winners in each category at the Taste Canada Awards Soir\u00e9e on Monday, October 30th, 2023. \u2060","og_url":"https:\/\/tastecanada.org\/fr\/2023-taste-canada-awards-soiree-host-ali-hassan\/","og_site_name":"Taste Canada","article_publisher":"https:\/\/www.facebook.com\/Taste.Canada","article_published_time":"2023-10-25T21:58:17+00:00","article_modified_time":"2023-10-25T22:02:46+00:00","og_image":[{"width":1748,"height":1400,"url":"https:\/\/tastecanada.org\/wp-content\/uploads\/2023\/10\/ALI-HASSAN-Headshot-2-Photo-Pierre-Gautreau.jpg","type":"image\/jpeg"}],"author":"Taste Canada","twitter_card":"summary_large_image","twitter_creator":"@TasteCanada","twitter_site":"@TasteCanada","twitter_misc":{"\u00c9crit par":"Taste Canada","Estimation du temps de lecture":"3 minutes"},"schema":{"@context":"https:\/\/schema.org","@graph":[{"@type":"Article","@id":"https:\/\/tastecanada.org\/2023-taste-canada-awards-soiree-host-ali-hassan\/#article","isPartOf":{"@id":"https:\/\/tastecanada.org\/2023-taste-canada-awards-soiree-host-ali-hassan\/"},"author":{"name":"Taste Canada","@id":"https:\/\/tastecanada.org\/#\/schema\/person\/6562938c8347c45d89a8b723a69662d4"},"headline":"2023 Taste Canada Awards Soir\u00e9e Host Ali Hassan!","datePublished":"2023-10-25T21:58:17+00:00","dateModified":"2023-10-25T22:02:46+00:00","mainEntityOfPage":{"@id":"https:\/\/tastecanada.org\/2023-taste-canada-awards-soiree-host-ali-hassan\/"},"wordCount":548,"commentCount":0,"publisher":{"@id":"https:\/\/tastecanada.org\/#organization"},"image":{"@id":"https:\/\/tastecanada.org\/2023-taste-canada-awards-soiree-host-ali-hassan\/#primaryimage"},"thumbnailUrl":"https:\/\/tastecanada.org\/wp-content\/uploads\/2023\/10\/ALI-HASSAN-Headshot-2-Photo-Pierre-Gautreau.jpg","keywords":["soiree","Taste Canada Awards"],"articleSection":["Taste Canada Events"],"inLanguage":"fr-CA","potentialAction":[{"@type":"CommentAction","name":"Comment","target":["https:\/\/tastecanada.org\/2023-taste-canada-awards-soiree-host-ali-hassan\/#respond"]}]},{"@type":"WebPage","@id":"https:\/\/tastecanada.org\/2023-taste-canada-awards-soiree-host-ali-hassan\/","url":"https:\/\/tastecanada.org\/2023-taste-canada-awards-soiree-host-ali-hassan\/","name":"2023 Taste Canada Awards Soir\u00e9e Host Ali Hassan! - Taste Canada","isPartOf":{"@id":"https:\/\/tastecanada.org\/#website"},"primaryImageOfPage":{"@id":"https:\/\/tastecanada.org\/2023-taste-canada-awards-soiree-host-ali-hassan\/#primaryimage"},"image":{"@id":"https:\/\/tastecanada.org\/2023-taste-canada-awards-soiree-host-ali-hassan\/#primaryimage"},"thumbnailUrl":"https:\/\/tastecanada.org\/wp-content\/uploads\/2023\/10\/ALI-HASSAN-Headshot-2-Photo-Pierre-Gautreau.jpg","datePublished":"2023-10-25T21:58:17+00:00","dateModified":"2023-10-25T22:02:46+00:00","description":"L'humoriste Ali Hassan aura l'honneur d'annoncer tous les gagnants de chaque cat\u00e9gorie lors de la soir\u00e9e les Laur\u00e9ats Saveurs du Canada le lundi 30 octobre 2023. \u2060","breadcrumb":{"@id":"https:\/\/tastecanada.org\/2023-taste-canada-awards-soiree-host-ali-hassan\/#breadcrumb"},"inLanguage":"fr-CA","potentialAction":[{"@type":"ReadAction","target":["https:\/\/tastecanada.org\/2023-taste-canada-awards-soiree-host-ali-hassan\/"]}]},{"@type":"ImageObject","inLanguage":"fr-CA","@id":"https:\/\/tastecanada.org\/2023-taste-canada-awards-soiree-host-ali-hassan\/#primaryimage","url":"https:\/\/tastecanada.org\/wp-content\/uploads\/2023\/10\/ALI-HASSAN-Headshot-2-Photo-Pierre-Gautreau.jpg","contentUrl":"https:\/\/tastecanada.org\/wp-content\/uploads\/2023\/10\/ALI-HASSAN-Headshot-2-Photo-Pierre-Gautreau.jpg","width":1748,"height":1400,"caption":"Ali Hassan"},{"@type":"BreadcrumbList","@id":"https:\/\/tastecanada.org\/2023-taste-canada-awards-soiree-host-ali-hassan\/#breadcrumb","itemListElement":[{"@type":"ListItem","position":1,"name":"Home","item":"https:\/\/tastecanada.org\/"},{"@type":"ListItem","position":2,"name":"2023 Taste Canada Awards Soir\u00e9e Host Ali Hassan!"}]},{"@type":"WebSite","@id":"https:\/\/tastecanada.org\/#website","url":"https:\/\/tastecanada.org\/","name":"Le Centre de Ressources Educatives pour","description":"Prix des livres de cuisine du Canada&#039;","publisher":{"@id":"https:\/\/tastecanada.org\/#organization"},"potentialAction":[{"@type":"SearchAction","target":{"@type":"EntryPoint","urlTemplate":"https:\/\/tastecanada.org\/?s={search_term_string}"},"query-input":{"@type":"PropertyValueSpecification","valueRequired":true,"valueName":"search_term_string"}}],"inLanguage":"fr-CA"},{"@type":"Organization","@id":"https:\/\/tastecanada.org\/#organization","name":"Le Centre de Ressources Educatives pour","url":"https:\/\/tastecanada.org\/","logo":{"@type":"ImageObject","inLanguage":"fr-CA","@id":"https:\/\/tastecanada.org\/#\/schema\/logo\/image\/","url":"https:\/\/tastecanada.org\/wp-content\/uploads\/2018\/04\/TC-Logo-Header@2x.jpg","contentUrl":"https:\/\/tastecanada.org\/wp-content\/uploads\/2018\/04\/TC-Logo-Header@2x.jpg","width":500,"height":500,"caption":"Taste Canada"},"image":{"@id":"https:\/\/tastecanada.org\/#\/schema\/logo\/image\/"},"sameAs":["https:\/\/www.facebook.com\/Taste.Canada","https:\/\/x.com\/TasteCanada","https:\/\/www.instagram.com\/tastecanadaawards\/","https:\/\/www.youtube.com\/channel\/UCGOvW9bjvd9WN1QhGmZ74dw"]},{"@type":"Person","@id":"https:\/\/tastecanada.org\/#\/schema\/person\/6562938c8347c45d89a8b723a69662d4","name":"Le Centre de Ressources Educatives pour","url":"https:\/\/tastecanada.org\/fr\/author\/admin\/"}]}},"_links":{"self":[{"href":"https:\/\/tastecanada.org\/fr\/wp-json\/wp\/v2\/posts\/17794","targetHints":{"allow":["GET"]}}],"collection":[{"href":"https:\/\/tastecanada.org\/fr\/wp-json\/wp\/v2\/posts"}],"about":[{"href":"https:\/\/tastecanada.org\/fr\/wp-json\/wp\/v2\/types\/post"}],"author":[{"embeddable":true,"href":"https:\/\/tastecanada.org\/fr\/wp-json\/wp\/v2\/users\/2"}],"replies":[{"embeddable":true,"href":"https:\/\/tastecanada.org\/fr\/wp-json\/wp\/v2\/comments?post=17794"}],"version-history":[{"count":5,"href":"https:\/\/tastecanada.org\/fr\/wp-json\/wp\/v2\/posts\/17794\/revisions"}],"predecessor-version":[{"id":17801,"href":"https:\/\/tastecanada.org\/fr\/wp-json\/wp\/v2\/posts\/17794\/revisions\/17801"}],"wp:featuredmedia":[{"embeddable":true,"href":"https:\/\/tastecanada.org\/fr\/wp-json\/wp\/v2\/media\/17795"}],"wp:attachment":[{"href":"https:\/\/tastecanada.org\/fr\/wp-json\/wp\/v2\/media?parent=17794"}],"wp:term":[{"taxonomy":"category","embeddable":true,"href":"https:\/\/tastecanada.org\/fr\/wp-json\/wp\/v2\/categories?post=17794"},{"taxonomy":"post_tag","embeddable":true,"href":"https:\/\/tastecanada.org\/fr\/wp-json\/wp\/v2\/tags?post=17794"}],"curies":[{"name":"wp","href":"https:\/\/api.w.org\/{rel}","templated":true}]}}